{"id":24,"date":"2025-05-22T13:55:00","date_gmt":"2025-05-22T13:55:00","guid":{"rendered":"http:\/\/localhost\/wordpress\/?p=24"},"modified":"2025-06-09T15:07:53","modified_gmt":"2025-06-09T13:07:53","slug":"mediales","status":"publish","type":"post","link":"https:\/\/lichtschluessel.de\/sr\/mediales\/","title":{"rendered":"Intenzivna medijalna obuka 1-na-1"},"content":{"rendered":"<blockquote>\n<h4><strong><em>\u201eSpoznaj svoju du\u0161u i unutra\u0161nju mudrost. Probudi medijuma u sebi.\u201c<\/em><\/strong><\/h4>\n<\/blockquote>\n<p>Da li zna\u0161 da u tebi postoji veza s nevidljivim svijetom?<br \/>\nOva jedinstvena obuka 1-na-1 je tvoj li\u010dni poziv na dublje upoznavanje sebe, svoje du\u0161e i istinske su\u0161tine \u2013 one koja se krije ispod svakodnevnih maski i identiteta.<\/p>\n<p>Kroz 16 pa\u017eljivo i individualno tebi prilago\u0111enih vo\u0111enih sesija, tokom \u010detiri mjeseca, otvori\u0107e\u0161 vrata svog unutra\u0161njeg svijeta i nau\u010diti kako da oslu\u0161kuje\u0161 i razumije\u0161 jezik sopstvene intuicije \u2013 one tihe, ali mo\u0107ne unutra\u0161nje mudrosti koja te vodi ka istini.<\/p>\n<p>Tokom ovog procesa, razvija\u0107e\u0161 i ja\u010dati svoje medijumske sposobnosti, ali i prolaziti\nkroz duboku unutra\u0161nju transformaciju koja ti omogu\u0107ava da se pove\u017ee\u0161 sa nevidljivim, a ipak prisutnim svijetom oko nas. Nau\u010di\u0107e\u0161 kako da prepozna\u0161 suptilne\nporuke koje dolaze iz dimenzija izvan vidljivog svijeta i da ih preto\u010di\u0161 u mudrost koja\ntransformi\u0161e tvoj \u017eivot.<\/p>\n<p>Ovo je tvoja li\u010dna transformacija \u2013 put u kojem postaje\u0161 svjestan svojih duhovnih\nsposobnosti, osloba\u0111a\u0161 se starih ograni\u010denja i pronalazi\u0161 snagu da \u017eivi\u0161 autenti\u010dno, u\nskladu sa svojim najdubljim bi\u0107em.<\/p>\n<p>Kroz pa\u017eljivo uskla\u0111ene seanse, tvoj unutra\u0161nji glas posta\u0107e jasniji, tvoja veza sa\nvi\u0161im vodstvom posta\u0107e sna\u017enija, a tvoj put jasno osvijetljen.<\/p>\n<p>Kroz intenzivnu medijalnu obuku otkriva\u0161 ko si ti \u2013 izvan dru\u0161tvenih uloga,\no\u010dekivanja i uvjerenja. U\u010di\u0161 da komunicira\u0161 jezikom svoje intuicije, da osje\u0107a\u0161,\nrazumije\u0161 i vjeruje\u0161 u ono \u0161to dolazi iz tvoje du\u0161e \u2013 iz dubine duhovnog svijeta.<\/p>\n<p>Tvoje intuitivno u\u010denje pomo\u0107i \u0107e ti da probudi\u0161 i koristi\u0161 sva svoja \u010dula, da\nprepoznaje\u0161 energiju ljudi i da otvori\u0161 sveti prostor za poruke iz duhovnog svijeta.<\/p>\n<blockquote>\n<h4><em><strong>\u201eOtvori se poruci svoje du\u0161e. Ako osje\u0107a\u0161 poziv \u2013 znaj, nije slu\u010dajan. Tu sam da\nzajedno hodamo tim putem\u201c.<\/strong><\/em><\/h4>\n<\/blockquote>\n<p>Ovim putem mo\u017eemo i\u0107i zajedno.<br \/>\n1-na-1 pratnja \u2013 online ili u\u017eivo<br \/>\nNudim li\u010dne 1-na-1 sesije \u2013 individualno, sa puno saose\u0107anja, i po izboru online\n(npr. putem Zoom-a) ili u\u017eivo, u li\u010dnom prisustvu.<br \/>\nDobija\u0161 i paket sa svim materijalima koji su ti potrebni za u\u010de\u0161\u0107e u intuitivnoj obuci.<\/p>\n<p>Radujem se \u0161to \u0107u imati priliku da te pratim na tvom putu.<\/p>\n<p><strong>\ud83d\udcb0<\/strong> Cijena: 1500 \u20ac<br \/>\n<strong>\ud83d\udce7<\/strong> E-Mail: <a href=\"mailto:dragana@lichtschluessel.de\">dragana@lichtschluessel.de<\/a><br \/>\n<strong>\ud83d\udcde<\/strong> Telefon \/ WhatsApp: 00491523\u00a02165522<br \/>\n<strong>\ud83c\udf10<\/strong> Kako se odr\u017eava: online (Zoom)\u00a0ili\u00a0u\u017eivo<\/p>\n<p>&nbsp;<\/p>\n<blockquote>\n<h4><strong><em>\u201eSvaki \u010dovjek u \u017eivotu ima svog u\u010ditelja. Ko je tvoj u\u010ditelj? A \u010diji si ti u\u010ditelj?\u201c<\/em><\/strong><\/h4>\n<\/blockquote>\n<p>&nbsp;<\/p>","protected":false},"excerpt":{"rendered":"<p>\u201eErkenne deine Seele und deine innere Weisheit. Erwecke das Medium in dir.\u201c Wusstest du, dass in dir eine Verbindung zur unsichtbaren Welt existiert? Dieses einzigartige Einzelcoaching ist deine pers\u00f6nliche Einladung, [&hellip;]<\/p>","protected":false},"author":1,"featured_media":1017,"comment_status":"closed","ping_status":"closed","sticky":false,"template":"","format":"standard","meta":{"_eb_attr":"","footnotes":""},"categories":[1],"tags":[],"class_list":["post-24","post","type-post","status-publish","format-standard","has-post-thumbnail","hentry","category-uncategorized"],"blocksy_meta":[],"_links":{"self":[{"href":"https:\/\/lichtschluessel.de\/sr\/wp-json\/wp\/v2\/posts\/24","targetHints":{"allow":["GET"]}}],"collection":[{"href":"https:\/\/lichtschluessel.de\/sr\/wp-json\/wp\/v2\/posts"}],"about":[{"href":"https:\/\/lichtschluessel.de\/sr\/wp-json\/wp\/v2\/types\/post"}],"author":[{"embeddable":true,"href":"https:\/\/lichtschluessel.de\/sr\/wp-json\/wp\/v2\/users\/1"}],"replies":[{"embeddable":true,"href":"https:\/\/lichtschluessel.de\/sr\/wp-json\/wp\/v2\/comments?post=24"}],"version-history":[{"count":3,"href":"https:\/\/lichtschluessel.de\/sr\/wp-json\/wp\/v2\/posts\/24\/revisions"}],"predecessor-version":[{"id":1718,"href":"https:\/\/lichtschluessel.de\/sr\/wp-json\/wp\/v2\/posts\/24\/revisions\/1718"}],"wp:featuredmedia":[{"embeddable":true,"href":"https:\/\/lichtschluessel.de\/sr\/wp-json\/wp\/v2\/media\/1017"}],"wp:attachment":[{"href":"https:\/\/lichtschluessel.de\/sr\/wp-json\/wp\/v2\/media?parent=24"}],"wp:term":[{"taxonomy":"category","embeddable":true,"href":"https:\/\/lichtschluessel.de\/sr\/wp-json\/wp\/v2\/categories?post=24"},{"taxonomy":"post_tag","embeddable":true,"href":"https:\/\/lichtschluessel.de\/sr\/wp-json\/wp\/v2\/tags?post=24"}],"curies":[{"name":"wp","href":"https:\/\/api.w.org\/{rel}","templated":true}]}}